{"id":882,"date":"2017-09-20T12:57:38","date_gmt":"2017-09-20T10:57:38","guid":{"rendered":"https:\/\/www.rhein-consulting.de\/blog\/?p=882"},"modified":"2017-09-27T14:07:54","modified_gmt":"2017-09-27T12:07:54","slug":"arbeitsgemeinschaft-allergiekrankes-kind-unterstuetzen","status":"publish","type":"post","link":"https:\/\/www.rhein-consulting.de\/blog\/2017\/09\/20\/arbeitsgemeinschaft-allergiekrankes-kind-unterstuetzen\/","title":{"rendered":"Die AAK bittet um Ihre Unterst\u00fctzung"},"content":{"rendered":"<p><img loading=\"lazy\" decoding=\"async\" class=\"alignright wp-image-885 size-medium\" src=\"https:\/\/www.rhein-consulting.de\/blog\/wp-content\/uploads\/2017\/09\/AAK-Logo-HKS4-300x80.jpg\" alt=\"Arbeitsgemeinschaft Allergiekrankes Kind e.V. \" width=\"300\" height=\"80\" \/>Unser langj\u00e4hriger Kunde, der Verein <strong>Arbeitsgemeinschaft Allergiekrankes Kind e. V.<\/strong>, hat uns um unsere <strong>Mithilfe<\/strong> gebeten. Dabei geht es um die Bekanntmachung einer Umfrage, die W\u00fcnsche und Bed\u00fcrfnisse von Eltern und von Familien, die von atopischen Erkrankungen betroffen sind.<\/p>\n<p>Dieser Bitte kommen wir gerne nach und m\u00f6chten Sie ermuntern, den Fragebogen auszuf\u00fcllen, falls Sie oder Ihr Kind betroffen sein sollten.<\/p>\n<p><strong>Wir danken Ihnen f\u00fcr Ihre Unterst\u00fctzung.<\/strong><\/p>\n<p>&nbsp;<\/p>\n<blockquote><p><strong>Liebe Eltern und Familien,<\/strong><\/p>\n<p>Ihnen und uns als Familien mit allergiekranken Kindern und Jugendlichen begegnet h\u00e4ufig\u00a0Unverst\u00e4ndnis f\u00fcr die eigene Situation. Die Krankheit wird heruntergespielt, als Schw\u00e4che oder Anderssein aufgefasst. Im Alltag entsteht so oft \u00dcberforderung und Verunsicherung bei Eltern und\u00a0Bezugspersonen aus KITA und Schule.<\/p>\n<p>&nbsp;<\/p>\n<p>Die Vielzahl an unterschiedlichen Anlaufstellen und Zust\u00e4ndigkeiten k\u00f6nnen betroffene Eltern und\u00a0Erzieher*innen ratlos machen. Um die Informationsbedarfe zu decken, wurde eine online-Informationsplattform\u00a0(MITMACHNetz) entwickelt. Damit diese Informationsplattform bedarfsgerechter\u00a0gestaltet werden kann und somit eine bessere Integration in die Selbsthilfe gew\u00e4hrleistet, wurde das\u00a0Projekt \u201eWeb 2.0 gest\u00fctzte institutionelle Selbsthilfe in einer vernetzten Welt\u201c bewilligt und durch\u00a0die Techniker Krankenkasse gef\u00f6rdert. Dazu findet eine wissenschaftliche Befragung der betroffenen\u00a0Eltern und Familien statt, um deren Bedarfe, Bed\u00fcrfnisse und praktische Erfahrungen systematisch zu\u00a0erheben und auszuwerten. Hierf\u00fcr ben\u00f6tigen wir Ihre Mithilfe. Was w\u00fcnschen Sie sich, was\u00a0w\u00fcnschen Wir uns als Eltern betroffener Kinder F\u00fcr die Umsetzung der Umfrage wurden Dr. Christopher Kofahl und Dr. Daniel L\u00fcdecke vom Institut\u00a0f\u00fcr Medizinische Soziologie (IMS) des Universit\u00e4tsklinikums Hamburg-Eppendorf (UKE) eingebunden.<\/p>\n<p>&nbsp;<\/p>\n<p>Wir m\u00f6chten Sie herzlich bitten, sich an dieser Umfrage zu beteiligen. Nur mit Ihrer Unterst\u00fctzung\u00a0k\u00f6nnen wir unsere Angebote f\u00fcr Familien mit besonderem Versorgungsbedarf &#8211; also auch f\u00fcr Sie &#8211;\u00a0verbessern und Bed\u00fcrfnissen anpassen. Eine Teilnahme an der Befragung ist nicht an eine\u00a0Mitgliedschaft gebunden.<\/p>\n<p>Dazu klicken Sie bitte auf diesen\u00a0Link: <a href=\"https:\/\/ww3.unipark.de\/uc\/stnickel_Universit__tsklinikum_H\/4a52\/\" target=\"_blank\" rel=\"noopener\">https:\/\/ww3.unipark.de\/uc\/stnickel_Universit__tsklinikum_H\/4a52\/<\/a><\/p>\n<p>&nbsp;<\/p>\n<p>Zus\u00e4tzlich bieten wir die M\u00f6glichkeit, dass Ihr Kind an der Umfrage teilnehmen kann. Dazu wurde eine\u00a0spezielle (und deutlich k\u00fcrzere) Umfrage erstellt, die die Sicht der Kinder ber\u00fccksichtigen soll. Sie\u00a0(bzw. Ihr Kind) kommen \u00fcber diesen Link zu der Kinderumfrage:\u00a0<a href=\"https:\/\/ww3.unipark.de\/uc\/stnickel_Universit__tsklinikum_H\/394b\/\" target=\"_blank\" rel=\"noopener\">https:\/\/ww3.unipark.de\/uc\/stnickel_Universit__tsklinikum_H\/394b\/<\/a><\/p>\n<p>&nbsp;<\/p>\n<p>Mit herzlichen Gr\u00fc\u00dfen<br \/>\nIhr Team von der Kinder- und Familien-Selbsthilfe AAK e.V.<\/p>\n<p>&nbsp;<\/p>\n<p>\u201eVernetzen, Teilen, Lernen \u201e \u2013 um unser Satzungsziel: \u201e&#8230; Kindern und Jugendlichen, die an\u00a0allergischen Erkrankungen und Unvertr\u00e4glichkeitsreaktionen leiden, die sowohl durch nat\u00fcrlich vorkommende Stoffe als auch durch Schadstoffe aus der Umwelt ausgel\u00f6st oder beg\u00fcnstigt werden\u00a0umsetzen zu k\u00f6nnen &#8230;\u201c, ist jede Stimme relevant und wichtig, daher m\u00f6chten wir sie herzlichst um\u00a0ihre Mitwirkung bitten!<\/p>\n<p>&nbsp;<\/p>\n<p>M\u00f6chten Sie sich bei der AAK engagieren oder Mitglied werden\u00a0(Jahresmindestbeitrag von 25,00 Euro kann satzungsgem\u00e4\u00df auf Wunsch auf wenige Euro reduziert werden), dann melden Sie sich unter <a href=\"mailto:koordination@aak.de\" target=\"_blank\" rel=\"noopener\">koordination@aak.de<\/a><\/p><\/blockquote>\n","protected":false},"excerpt":{"rendered":"<p>Unser langj\u00e4hriger Kunde, der Verein Arbeitsgemeinschaft Allergiekrankes Kind e. V., hat uns um unsere Mithilfe gebeten. Dabei geht es um die Bekanntmachung einer Umfrage, die W\u00fcnsche und Bed\u00fcrfnisse von Eltern und von Familien, die von atopischen Erkrankungen betroffen sind. Dieser&hellip; <\/p>\n","protected":false},"author":3,"featured_media":885,"comment_status":"closed","ping_status":"closed","sticky":false,"template":"","format":"standard","meta":{"footnotes":""},"categories":[8],"tags":[100,98,99],"class_list":["post-882","post","type-post","status-publish","format-standard","has-post-thumbnail","hentry","category-kunden-referenzen","tag-aak","tag-umfrage","tag-unterstuetzung"],"yoast_head":"<!-- This site is optimized with the Yoast SEO plugin v27.5 - https:\/\/yoast.com\/product\/yoast-seo-wordpress\/ -->\n<title>Die AAK bittet Sie um Ihre Unterst\u00fctzung<\/title>\n<meta name=\"description\" content=\"Wir m\u00f6chten Sie herzlich bitten, sich an der Umfrage der Arbeitsgemeinschaft Allergiekrankes Kind e.V. zu beteiligen.\" \/>\n<meta name=\"robots\" content=\"index, follow, max-snippet:-1, max-image-preview:large, max-video-preview:-1\" \/>\n<link rel=\"canonical\" href=\"https:\/\/www.rhein-consulting.de\/blog\/2017\/09\/20\/arbeitsgemeinschaft-allergiekrankes-kind-unterstuetzen\/\" \/>\n<meta property=\"og:locale\" content=\"de_DE\" \/>\n<meta property=\"og:type\" content=\"article\" \/>\n<meta property=\"og:title\" content=\"Die AAK bittet Sie um Ihre Unterst\u00fctzung\" \/>\n<meta property=\"og:description\" content=\"Wir m\u00f6chten Sie herzlich bitten, sich an der Umfrage der Arbeitsgemeinschaft Allergiekrankes Kind e.V. zu beteiligen.\" \/>\n<meta property=\"og:url\" content=\"https:\/\/www.rhein-consulting.de\/blog\/2017\/09\/20\/arbeitsgemeinschaft-allergiekrankes-kind-unterstuetzen\/\" \/>\n<meta property=\"og:site_name\" content=\"Rhein Consulting GmbH - Blog\" \/>\n<meta property=\"article:publisher\" content=\"http:\/\/www.facebook.com\/Rhein-Consulting-GmbH-497895493574299\/\" \/>\n<meta property=\"article:published_time\" content=\"2017-09-20T10:57:38+00:00\" \/>\n<meta property=\"article:modified_time\" content=\"2017-09-27T12:07:54+00:00\" \/>\n<meta property=\"og:image\" content=\"https:\/\/www.rhein-consulting.de\/blog\/wp-content\/uploads\/2017\/09\/AAK-Logo-HKS4.jpg\" \/>\n\t<meta property=\"og:image:width\" content=\"300\" \/>\n\t<meta property=\"og:image:height\" content=\"80\" \/>\n\t<meta property=\"og:image:type\" content=\"image\/jpeg\" \/>\n<meta name=\"author\" content=\"Oliver Fuhrmann\" \/>\n<meta name=\"twitter:card\" content=\"summary_large_image\" \/>\n<meta name=\"twitter:label1\" content=\"Verfasst von\" \/>\n\t<meta name=\"twitter:data1\" content=\"Oliver Fuhrmann\" \/>\n\t<meta name=\"twitter:label2\" content=\"Gesch\u00e4tzte Lesezeit\" \/>\n\t<meta name=\"twitter:data2\" content=\"2\u00a0Minuten\" \/>\n<script type=\"application\/ld+json\" class=\"yoast-schema-graph\">{\"@context\":\"https:\\\/\\\/schema.org\",\"@graph\":[{\"@type\":\"Article\",\"@id\":\"https:\\\/\\\/www.rhein-consulting.de\\\/blog\\\/2017\\\/09\\\/20\\\/arbeitsgemeinschaft-allergiekrankes-kind-unterstuetzen\\\/#article\",\"isPartOf\":{\"@id\":\"https:\\\/\\\/www.rhein-consulting.de\\\/blog\\\/2017\\\/09\\\/20\\\/arbeitsgemeinschaft-allergiekrankes-kind-unterstuetzen\\\/\"},\"author\":{\"name\":\"Oliver Fuhrmann\",\"@id\":\"https:\\\/\\\/www.rhein-consulting.de\\\/blog\\\/#\\\/schema\\\/person\\\/582e38fc9def4ce6b6fc6b73e68517b1\"},\"headline\":\"Die AAK bittet um Ihre Unterst\u00fctzung\",\"datePublished\":\"2017-09-20T10:57:38+00:00\",\"dateModified\":\"2017-09-27T12:07:54+00:00\",\"mainEntityOfPage\":{\"@id\":\"https:\\\/\\\/www.rhein-consulting.de\\\/blog\\\/2017\\\/09\\\/20\\\/arbeitsgemeinschaft-allergiekrankes-kind-unterstuetzen\\\/\"},\"wordCount\":498,\"image\":{\"@id\":\"https:\\\/\\\/www.rhein-consulting.de\\\/blog\\\/2017\\\/09\\\/20\\\/arbeitsgemeinschaft-allergiekrankes-kind-unterstuetzen\\\/#primaryimage\"},\"thumbnailUrl\":\"https:\\\/\\\/www.rhein-consulting.de\\\/blog\\\/wp-content\\\/uploads\\\/2017\\\/09\\\/AAK-Logo-HKS4.jpg\",\"keywords\":[\"AAK\",\"Umfrage\",\"Unterst\u00fctzung\"],\"articleSection\":[\"Kunden &amp; Referenzen\"],\"inLanguage\":\"de\"},{\"@type\":\"WebPage\",\"@id\":\"https:\\\/\\\/www.rhein-consulting.de\\\/blog\\\/2017\\\/09\\\/20\\\/arbeitsgemeinschaft-allergiekrankes-kind-unterstuetzen\\\/\",\"url\":\"https:\\\/\\\/www.rhein-consulting.de\\\/blog\\\/2017\\\/09\\\/20\\\/arbeitsgemeinschaft-allergiekrankes-kind-unterstuetzen\\\/\",\"name\":\"Die AAK bittet Sie um Ihre Unterst\u00fctzung\",\"isPartOf\":{\"@id\":\"https:\\\/\\\/www.rhein-consulting.de\\\/blog\\\/#website\"},\"primaryImageOfPage\":{\"@id\":\"https:\\\/\\\/www.rhein-consulting.de\\\/blog\\\/2017\\\/09\\\/20\\\/arbeitsgemeinschaft-allergiekrankes-kind-unterstuetzen\\\/#primaryimage\"},\"image\":{\"@id\":\"https:\\\/\\\/www.rhein-consulting.de\\\/blog\\\/2017\\\/09\\\/20\\\/arbeitsgemeinschaft-allergiekrankes-kind-unterstuetzen\\\/#primaryimage\"},\"thumbnailUrl\":\"https:\\\/\\\/www.rhein-consulting.de\\\/blog\\\/wp-content\\\/uploads\\\/2017\\\/09\\\/AAK-Logo-HKS4.jpg\",\"datePublished\":\"2017-09-20T10:57:38+00:00\",\"dateModified\":\"2017-09-27T12:07:54+00:00\",\"author\":{\"@id\":\"https:\\\/\\\/www.rhein-consulting.de\\\/blog\\\/#\\\/schema\\\/person\\\/582e38fc9def4ce6b6fc6b73e68517b1\"},\"description\":\"Wir m\u00f6chten Sie herzlich bitten, sich an der Umfrage der Arbeitsgemeinschaft Allergiekrankes Kind e.V. zu beteiligen.\",\"breadcrumb\":{\"@id\":\"https:\\\/\\\/www.rhein-consulting.de\\\/blog\\\/2017\\\/09\\\/20\\\/arbeitsgemeinschaft-allergiekrankes-kind-unterstuetzen\\\/#breadcrumb\"},\"inLanguage\":\"de\",\"potentialAction\":[{\"@type\":\"ReadAction\",\"target\":[\"https:\\\/\\\/www.rhein-consulting.de\\\/blog\\\/2017\\\/09\\\/20\\\/arbeitsgemeinschaft-allergiekrankes-kind-unterstuetzen\\\/\"]}]},{\"@type\":\"ImageObject\",\"inLanguage\":\"de\",\"@id\":\"https:\\\/\\\/www.rhein-consulting.de\\\/blog\\\/2017\\\/09\\\/20\\\/arbeitsgemeinschaft-allergiekrankes-kind-unterstuetzen\\\/#primaryimage\",\"url\":\"https:\\\/\\\/www.rhein-consulting.de\\\/blog\\\/wp-content\\\/uploads\\\/2017\\\/09\\\/AAK-Logo-HKS4.jpg\",\"contentUrl\":\"https:\\\/\\\/www.rhein-consulting.de\\\/blog\\\/wp-content\\\/uploads\\\/2017\\\/09\\\/AAK-Logo-HKS4.jpg\",\"width\":300,\"height\":80},{\"@type\":\"BreadcrumbList\",\"@id\":\"https:\\\/\\\/www.rhein-consulting.de\\\/blog\\\/2017\\\/09\\\/20\\\/arbeitsgemeinschaft-allergiekrankes-kind-unterstuetzen\\\/#breadcrumb\",\"itemListElement\":[{\"@type\":\"ListItem\",\"position\":1,\"name\":\"Home\",\"item\":\"https:\\\/\\\/www.rhein-consulting.de\\\/blog\\\/\"},{\"@type\":\"ListItem\",\"position\":2,\"name\":\"Die AAK bittet um Ihre Unterst\u00fctzung\"}]},{\"@type\":\"WebSite\",\"@id\":\"https:\\\/\\\/www.rhein-consulting.de\\\/blog\\\/#website\",\"url\":\"https:\\\/\\\/www.rhein-consulting.de\\\/blog\\\/\",\"name\":\"Rhein Consulting GmbH - Blog\",\"description\":\"\",\"potentialAction\":[{\"@type\":\"SearchAction\",\"target\":{\"@type\":\"EntryPoint\",\"urlTemplate\":\"https:\\\/\\\/www.rhein-consulting.de\\\/blog\\\/?s={search_term_string}\"},\"query-input\":{\"@type\":\"PropertyValueSpecification\",\"valueRequired\":true,\"valueName\":\"search_term_string\"}}],\"inLanguage\":\"de\"},{\"@type\":\"Person\",\"@id\":\"https:\\\/\\\/www.rhein-consulting.de\\\/blog\\\/#\\\/schema\\\/person\\\/582e38fc9def4ce6b6fc6b73e68517b1\",\"name\":\"Oliver Fuhrmann\",\"image\":{\"@type\":\"ImageObject\",\"inLanguage\":\"de\",\"@id\":\"https:\\\/\\\/secure.gravatar.com\\\/avatar\\\/5a9e90e82cf687a8a0e39e014506ff48c18b13f6f975c1d8087bac3bf0e9679a?s=96&d=mm&r=g\",\"url\":\"https:\\\/\\\/secure.gravatar.com\\\/avatar\\\/5a9e90e82cf687a8a0e39e014506ff48c18b13f6f975c1d8087bac3bf0e9679a?s=96&d=mm&r=g\",\"contentUrl\":\"https:\\\/\\\/secure.gravatar.com\\\/avatar\\\/5a9e90e82cf687a8a0e39e014506ff48c18b13f6f975c1d8087bac3bf0e9679a?s=96&d=mm&r=g\",\"caption\":\"Oliver Fuhrmann\"},\"url\":\"https:\\\/\\\/www.rhein-consulting.de\\\/blog\\\/author\\\/o-fuhrmann\\\/\"}]}<\/script>\n<!-- \/ Yoast SEO plugin. -->","yoast_head_json":{"title":"Die AAK bittet Sie um Ihre Unterst\u00fctzung","description":"Wir m\u00f6chten Sie herzlich bitten, sich an der Umfrage der Arbeitsgemeinschaft Allergiekrankes Kind e.V. zu beteiligen.","robots":{"index":"index","follow":"follow","max-snippet":"max-snippet:-1","max-image-preview":"max-image-preview:large","max-video-preview":"max-video-preview:-1"},"canonical":"https:\/\/www.rhein-consulting.de\/blog\/2017\/09\/20\/arbeitsgemeinschaft-allergiekrankes-kind-unterstuetzen\/","og_locale":"de_DE","og_type":"article","og_title":"Die AAK bittet Sie um Ihre Unterst\u00fctzung","og_description":"Wir m\u00f6chten Sie herzlich bitten, sich an der Umfrage der Arbeitsgemeinschaft Allergiekrankes Kind e.V. zu beteiligen.","og_url":"https:\/\/www.rhein-consulting.de\/blog\/2017\/09\/20\/arbeitsgemeinschaft-allergiekrankes-kind-unterstuetzen\/","og_site_name":"Rhein Consulting GmbH - Blog","article_publisher":"http:\/\/www.facebook.com\/Rhein-Consulting-GmbH-497895493574299\/","article_published_time":"2017-09-20T10:57:38+00:00","article_modified_time":"2017-09-27T12:07:54+00:00","og_image":[{"width":300,"height":80,"url":"https:\/\/www.rhein-consulting.de\/blog\/wp-content\/uploads\/2017\/09\/AAK-Logo-HKS4.jpg","type":"image\/jpeg"}],"author":"Oliver Fuhrmann","twitter_card":"summary_large_image","twitter_misc":{"Verfasst von":"Oliver Fuhrmann","Gesch\u00e4tzte Lesezeit":"2\u00a0Minuten"},"schema":{"@context":"https:\/\/schema.org","@graph":[{"@type":"Article","@id":"https:\/\/www.rhein-consulting.de\/blog\/2017\/09\/20\/arbeitsgemeinschaft-allergiekrankes-kind-unterstuetzen\/#article","isPartOf":{"@id":"https:\/\/www.rhein-consulting.de\/blog\/2017\/09\/20\/arbeitsgemeinschaft-allergiekrankes-kind-unterstuetzen\/"},"author":{"name":"Oliver Fuhrmann","@id":"https:\/\/www.rhein-consulting.de\/blog\/#\/schema\/person\/582e38fc9def4ce6b6fc6b73e68517b1"},"headline":"Die AAK bittet um Ihre Unterst\u00fctzung","datePublished":"2017-09-20T10:57:38+00:00","dateModified":"2017-09-27T12:07:54+00:00","mainEntityOfPage":{"@id":"https:\/\/www.rhein-consulting.de\/blog\/2017\/09\/20\/arbeitsgemeinschaft-allergiekrankes-kind-unterstuetzen\/"},"wordCount":498,"image":{"@id":"https:\/\/www.rhein-consulting.de\/blog\/2017\/09\/20\/arbeitsgemeinschaft-allergiekrankes-kind-unterstuetzen\/#primaryimage"},"thumbnailUrl":"https:\/\/www.rhein-consulting.de\/blog\/wp-content\/uploads\/2017\/09\/AAK-Logo-HKS4.jpg","keywords":["AAK","Umfrage","Unterst\u00fctzung"],"articleSection":["Kunden &amp; Referenzen"],"inLanguage":"de"},{"@type":"WebPage","@id":"https:\/\/www.rhein-consulting.de\/blog\/2017\/09\/20\/arbeitsgemeinschaft-allergiekrankes-kind-unterstuetzen\/","url":"https:\/\/www.rhein-consulting.de\/blog\/2017\/09\/20\/arbeitsgemeinschaft-allergiekrankes-kind-unterstuetzen\/","name":"Die AAK bittet Sie um Ihre Unterst\u00fctzung","isPartOf":{"@id":"https:\/\/www.rhein-consulting.de\/blog\/#website"},"primaryImageOfPage":{"@id":"https:\/\/www.rhein-consulting.de\/blog\/2017\/09\/20\/arbeitsgemeinschaft-allergiekrankes-kind-unterstuetzen\/#primaryimage"},"image":{"@id":"https:\/\/www.rhein-consulting.de\/blog\/2017\/09\/20\/arbeitsgemeinschaft-allergiekrankes-kind-unterstuetzen\/#primaryimage"},"thumbnailUrl":"https:\/\/www.rhein-consulting.de\/blog\/wp-content\/uploads\/2017\/09\/AAK-Logo-HKS4.jpg","datePublished":"2017-09-20T10:57:38+00:00","dateModified":"2017-09-27T12:07:54+00:00","author":{"@id":"https:\/\/www.rhein-consulting.de\/blog\/#\/schema\/person\/582e38fc9def4ce6b6fc6b73e68517b1"},"description":"Wir m\u00f6chten Sie herzlich bitten, sich an der Umfrage der Arbeitsgemeinschaft Allergiekrankes Kind e.V. zu beteiligen.","breadcrumb":{"@id":"https:\/\/www.rhein-consulting.de\/blog\/2017\/09\/20\/arbeitsgemeinschaft-allergiekrankes-kind-unterstuetzen\/#breadcrumb"},"inLanguage":"de","potentialAction":[{"@type":"ReadAction","target":["https:\/\/www.rhein-consulting.de\/blog\/2017\/09\/20\/arbeitsgemeinschaft-allergiekrankes-kind-unterstuetzen\/"]}]},{"@type":"ImageObject","inLanguage":"de","@id":"https:\/\/www.rhein-consulting.de\/blog\/2017\/09\/20\/arbeitsgemeinschaft-allergiekrankes-kind-unterstuetzen\/#primaryimage","url":"https:\/\/www.rhein-consulting.de\/blog\/wp-content\/uploads\/2017\/09\/AAK-Logo-HKS4.jpg","contentUrl":"https:\/\/www.rhein-consulting.de\/blog\/wp-content\/uploads\/2017\/09\/AAK-Logo-HKS4.jpg","width":300,"height":80},{"@type":"BreadcrumbList","@id":"https:\/\/www.rhein-consulting.de\/blog\/2017\/09\/20\/arbeitsgemeinschaft-allergiekrankes-kind-unterstuetzen\/#breadcrumb","itemListElement":[{"@type":"ListItem","position":1,"name":"Home","item":"https:\/\/www.rhein-consulting.de\/blog\/"},{"@type":"ListItem","position":2,"name":"Die AAK bittet um Ihre Unterst\u00fctzung"}]},{"@type":"WebSite","@id":"https:\/\/www.rhein-consulting.de\/blog\/#website","url":"https:\/\/www.rhein-consulting.de\/blog\/","name":"Rhein Consulting GmbH - Blog","description":"","potentialAction":[{"@type":"SearchAction","target":{"@type":"EntryPoint","urlTemplate":"https:\/\/www.rhein-consulting.de\/blog\/?s={search_term_string}"},"query-input":{"@type":"PropertyValueSpecification","valueRequired":true,"valueName":"search_term_string"}}],"inLanguage":"de"},{"@type":"Person","@id":"https:\/\/www.rhein-consulting.de\/blog\/#\/schema\/person\/582e38fc9def4ce6b6fc6b73e68517b1","name":"Oliver Fuhrmann","image":{"@type":"ImageObject","inLanguage":"de","@id":"https:\/\/secure.gravatar.com\/avatar\/5a9e90e82cf687a8a0e39e014506ff48c18b13f6f975c1d8087bac3bf0e9679a?s=96&d=mm&r=g","url":"https:\/\/secure.gravatar.com\/avatar\/5a9e90e82cf687a8a0e39e014506ff48c18b13f6f975c1d8087bac3bf0e9679a?s=96&d=mm&r=g","contentUrl":"https:\/\/secure.gravatar.com\/avatar\/5a9e90e82cf687a8a0e39e014506ff48c18b13f6f975c1d8087bac3bf0e9679a?s=96&d=mm&r=g","caption":"Oliver Fuhrmann"},"url":"https:\/\/www.rhein-consulting.de\/blog\/author\/o-fuhrmann\/"}]}},"_links":{"self":[{"href":"https:\/\/www.rhein-consulting.de\/blog\/wp-json\/wp\/v2\/posts\/882","targetHints":{"allow":["GET"]}}],"collection":[{"href":"https:\/\/www.rhein-consulting.de\/blog\/wp-json\/wp\/v2\/posts"}],"about":[{"href":"https:\/\/www.rhein-consulting.de\/blog\/wp-json\/wp\/v2\/types\/post"}],"author":[{"embeddable":true,"href":"https:\/\/www.rhein-consulting.de\/blog\/wp-json\/wp\/v2\/users\/3"}],"replies":[{"embeddable":true,"href":"https:\/\/www.rhein-consulting.de\/blog\/wp-json\/wp\/v2\/comments?post=882"}],"version-history":[{"count":13,"href":"https:\/\/www.rhein-consulting.de\/blog\/wp-json\/wp\/v2\/posts\/882\/revisions"}],"predecessor-version":[{"id":936,"href":"https:\/\/www.rhein-consulting.de\/blog\/wp-json\/wp\/v2\/posts\/882\/revisions\/936"}],"wp:featuredmedia":[{"embeddable":true,"href":"https:\/\/www.rhein-consulting.de\/blog\/wp-json\/wp\/v2\/media\/885"}],"wp:attachment":[{"href":"https:\/\/www.rhein-consulting.de\/blog\/wp-json\/wp\/v2\/media?parent=882"}],"wp:term":[{"taxonomy":"category","embeddable":true,"href":"https:\/\/www.rhein-consulting.de\/blog\/wp-json\/wp\/v2\/categories?post=882"},{"taxonomy":"post_tag","embeddable":true,"href":"https:\/\/www.rhein-consulting.de\/blog\/wp-json\/wp\/v2\/tags?post=882"}],"curies":[{"name":"wp","href":"https:\/\/api.w.org\/{rel}","templated":true}]}}